
{"id":9969,"date":"2021-08-11T08:20:29","date_gmt":"2021-08-11T06:20:29","guid":{"rendered":"https:\/\/www.gobettidefilippo.it\/?p=9969"},"modified":"2023-06-19T23:05:08","modified_gmt":"2023-06-19T21:05:08","slug":"pubblicazione-graduatoria-definitiva-iii-fascia-personale-ata-triennio-2021-23","status":"publish","type":"post","link":"https:\/\/www.gobettidefilippo.it\/pubblicazione-graduatoria-definitiva-iii-fascia-personale-ata-triennio-2021-23\/","title":{"rendered":"Pubblicazione graduatoria definitiva III fascia personale ATA triennio 2021\/23"},"content":{"rendered":"<p>[et_pb_section fb_built=&#8221;1&#8243; _builder_version=&#8221;4.6.1&#8243; _module_preset=&#8221;default&#8221;][et_pb_row column_structure=&#8221;1_5,3_5,1_5&#8243; _builder_version=&#8221;4.6.1&#8243; _module_preset=&#8221;default&#8221;][et_pb_column type=&#8221;1_5&#8243; _builder_version=&#8221;4.6.1&#8243; _module_preset=&#8221;default&#8221;][et_pb_image src=&#8221;\/wp-content\/uploads\/Graduatorie-ata.jpg&#8221; title_text=&#8221;Graduatorie ata&#8221; _builder_version=&#8221;4.6.1&#8243; _module_preset=&#8221;default&#8221;][\/et_pb_image][\/et_pb_column][et_pb_column type=&#8221;3_5&#8243; _builder_version=&#8221;4.6.1&#8243; _module_preset=&#8221;default&#8221;][et_pb_text _builder_version=&#8221;4.6.1&#8243; _module_preset=&#8221;default&#8221; hover_enabled=&#8221;0&#8243; sticky_enabled=&#8221;0&#8243;]<\/p>\n<p style=\"text-align: center;\"><strong>Pubblicazione graduatorie definitive III fascia personale ATA triennio 2021-22, 2022-23, 2023-24<\/strong><\/p>\n<p>Ai sensi del Decreto n. 50 del 3 Marzo 2021 del Ministero dell\u2019Istruzione con la quale sono state indette le procedure di istituzione delle Graduatorie d\u2019Istituto 3^ Fascia relative alle supplenze per il personale Amministrativo, Tecnico ed Ausiliario, si pubblicano le graduatorie definitive di III fascia del personale ATA triennio 2021\/24.<\/p>\n<p>Si precisa che, per le Graduatorie Provvisorie relative ai Profili Professionali di AT \u2013 Assistente Tecnico, CO \u2013 Cuoco, CR \u2013 Addetto alle aziende agrarie, GA \u2013 Guardarobiere e IF \u2013 Infermiere, la consultazione sar\u00e0 possibile presso le Istituzioni Scolastiche per le quali \u00e8 previsto il relativo posto in organico.<\/p>\n<p><em>Avverso l\u2019esclusione o nullit\u00e0, nonch\u00e9 avverso le graduatorie, \u00e8 ammesso unicamente ricorso giurisdizionale al giudice ordinario in funzione di giudice del lavoro, ai sensi dell\u2019art. 8 comma4, dell\u2019O.M. n. 50 del 03.03.2020.<\/em><\/p>\n<p><strong>\u00a0\u00a0\u00a0\u00a0\u00a0\u00a0\u00a0\u00a0\u00a0\u00a0\u00a0\u00a0\u00a0\u00a0\u00a0\u00a0\u00a0\u00a0\u00a0\u00a0\u00a0\u00a0\u00a0\u00a0\u00a0\u00a0\u00a0\u00a0\u00a0\u00a0\u00a0\u00a0\u00a0\u00a0\u00a0\u00a0\u00a0\u00a0\u00a0\u00a0\u00a0\u00a0\u00a0\u00a0\u00a0\u00a0\u00a0\u00a0\u00a0\u00a0\u00a0\u00a0\u00a0\u00a0\u00a0\u00a0\u00a0\u00a0\u00a0\u00a0\u00a0\u00a0\u00a0\u00a0\u00a0\u00a0\u00a0\u00a0\u00a0\u00a0\u00a0\u00a0\u00a0\u00a0\u00a0\u00a0\u00a0\u00a0\u00a0\u00a0\u00a0\u00a0\u00a0\u00a0\u00a0\u00a0\u00a0\u00a0\u00a0\u00a0\u00a0\u00a0\u00a0\u00a0\u00a0\u00a0\u00a0\u00a0\u00a0\u00a0\u00a0\u00a0\u00a0\u00a0\u00a0 IL DIRIGENTE SCOLASTICO<\/strong><\/p>\n<p><strong>\u00a0\u00a0\u00a0\u00a0\u00a0\u00a0\u00a0\u00a0\u00a0\u00a0\u00a0\u00a0\u00a0\u00a0\u00a0\u00a0\u00a0\u00a0\u00a0\u00a0\u00a0\u00a0\u00a0\u00a0\u00a0\u00a0\u00a0\u00a0\u00a0\u00a0\u00a0\u00a0\u00a0\u00a0\u00a0\u00a0\u00a0\u00a0\u00a0\u00a0\u00a0\u00a0\u00a0\u00a0\u00a0\u00a0\u00a0\u00a0\u00a0\u00a0\u00a0\u00a0\u00a0\u00a0\u00a0\u00a0\u00a0\u00a0\u00a0\u00a0\u00a0\u00a0\u00a0\u00a0\u00a0\u00a0\u00a0\u00a0\u00a0\u00a0\u00a0\u00a0\u00a0\u00a0\u00a0\u00a0\u00a0\u00a0\u00a0\u00a0\u00a0\u00a0\u00a0\u00a0\u00a0\u00a0\u00a0\u00a0\u00a0\u00a0\u00a0\u00a0\u00a0\u00a0\u00a0\u00a0\u00a0\u00a0\u00a0\u00a0\u00a0\u00a0\u00a0\u00a0\u00a0 Prof.ssa Giuliana Autieri<\/strong><\/p>\n<p><a href=\"\/wp-content\/uploads\/FIRMATO_disposizione-pubblicazione-definitive2.pdf\" class=\"mtli_attachment mtli_pdf\" rel=\"attachment wp-att-9981\">Decreto di pubblicazione graduatorie definitive ATA III fascia triennio 21\/23<\/a><\/p>\n<p><a href=\"\/wp-content\/uploads\/GRADUATORIA_DEFINITIVA_CS_NAMM0A100C.xls\" class=\"mtli_attachment mtli_xls\" rel=\"attachment wp-att-9974\">Graduatoria definitiva Collaboratori Scolastici<br \/><\/a><a href=\"\/wp-content\/uploads\/ELENCO_ESCLUSI_CS_NAMM0A100C__11082021.xls\" class=\"mtli_attachment mtli_xls\" rel=\"attachment wp-att-9977\">Elenco esclusi collaboratori scolastici<\/a><\/p>\n<p><a href=\"\/wp-content\/uploads\/GRADUATORIA_DEFINITIVA_AA_NAMM0A100C.xls\" class=\"mtli_attachment mtli_xls\" rel=\"attachment wp-att-9975\">Graduatoria definitiva Assistenti Amministrativi<br \/><\/a><a href=\"\/wp-content\/uploads\/ELENCO_ESCLUSI_AA_NAMM0A100C__11082021.xls\" class=\"mtli_attachment mtli_xls\" rel=\"attachment wp-att-9976\">Elenco esclusi Assistenti Amministrativi<\/a><\/p>\n<p>&nbsp;<\/p>\n<p>[\/et_pb_text][\/et_pb_column][et_pb_column type=&#8221;1_5&#8243; _builder_version=&#8221;4.6.1&#8243; _module_preset=&#8221;default&#8221;][\/et_pb_column][\/et_pb_row][\/et_pb_section]<\/p>\n","protected":false},"excerpt":{"rendered":"<p>Pubblicazione graduatorie definitive III fascia personale ATA triennio 2021-22, 2022-23, 2023-24 Ai sensi del Decreto n. 50 del 3 Marzo 2021 del Ministero dell\u2019Istruzione con la quale sono state indette le procedure di istituzione delle Graduatorie d\u2019Istituto 3^ Fascia relative alle supplenze per il personale Amministrativo, Tecnico ed Ausiliario, si pubblicano le graduatorie definitive di [&hellip;]<\/p>\n","protected":false},"author":10,"featured_media":0,"comment_status":"open","ping_status":"closed","sticky":false,"template":"page-template-blank.php","format":"standard","meta":{"_et_pb_use_builder":"on","_et_pb_old_content":"","_et_gb_content_width":""},"categories":[26],"tags":[],"_links":{"self":[{"href":"https:\/\/www.gobettidefilippo.it\/wp-json\/wp\/v2\/posts\/9969"}],"collection":[{"href":"https:\/\/www.gobettidefilippo.it\/wp-json\/wp\/v2\/posts"}],"about":[{"href":"https:\/\/www.gobettidefilippo.it\/wp-json\/wp\/v2\/types\/post"}],"author":[{"embeddable":true,"href":"https:\/\/www.gobettidefilippo.it\/wp-json\/wp\/v2\/users\/10"}],"replies":[{"embeddable":true,"href":"https:\/\/www.gobettidefilippo.it\/wp-json\/wp\/v2\/comments?post=9969"}],"version-history":[{"count":1,"href":"https:\/\/www.gobettidefilippo.it\/wp-json\/wp\/v2\/posts\/9969\/revisions"}],"predecessor-version":[{"id":16058,"href":"https:\/\/www.gobettidefilippo.it\/wp-json\/wp\/v2\/posts\/9969\/revisions\/16058"}],"wp:attachment":[{"href":"https:\/\/www.gobettidefilippo.it\/wp-json\/wp\/v2\/media?parent=9969"}],"wp:term":[{"taxonomy":"category","embeddable":true,"href":"https:\/\/www.gobettidefilippo.it\/wp-json\/wp\/v2\/categories?post=9969"},{"taxonomy":"post_tag","embeddable":true,"href":"https:\/\/www.gobettidefilippo.it\/wp-json\/wp\/v2\/tags?post=9969"}],"curies":[{"name":"wp","href":"https:\/\/api.w.org\/{rel}","templated":true}]}}