
{"id":9500,"date":"2021-06-16T07:01:40","date_gmt":"2021-06-16T05:01:40","guid":{"rendered":"https:\/\/www.gobettidefilippo.it\/?p=9500"},"modified":"2021-07-05T07:34:29","modified_gmt":"2021-07-05T05:34:29","slug":"pon-avviso-mancata-attivazione-modulo-un-orto-in-citta","status":"publish","type":"post","link":"https:\/\/www.gobettidefilippo.it\/pon-avviso-mancata-attivazione-modulo-un-orto-in-citta\/","title":{"rendered":"PON: avviso mancata attivazione modulo &#8216;Un orto in citt\u00e0&#8217;"},"content":{"rendered":"<p>[et_pb_section fb_built=&#8221;1&#8243; _builder_version=&#8221;4.6.1&#8243; _module_preset=&#8221;default&#8221;][et_pb_row column_structure=&#8221;1_5,3_5,1_5&#8243; _builder_version=&#8221;4.6.1&#8243; _module_preset=&#8221;default&#8221;][et_pb_column type=&#8221;1_5&#8243; _builder_version=&#8221;4.6.1&#8243; _module_preset=&#8221;default&#8221;][et_pb_image src=&#8221;\/wp-content\/uploads\/pon-1.png&#8221; title_text=&#8221;pon&#8221; _builder_version=&#8221;4.6.1&#8243; _module_preset=&#8221;default&#8221;][\/et_pb_image][\/et_pb_column][et_pb_column type=&#8221;3_5&#8243; _builder_version=&#8221;4.6.1&#8243; _module_preset=&#8221;default&#8221;][et_pb_text _builder_version=&#8221;4.6.1&#8243; _module_preset=&#8221;default&#8221; hover_enabled=&#8221;0&#8243; admin_label=&#8221;Testo&#8221; sticky_enabled=&#8221;0&#8243;]<\/p>\n<p><strong>PON FSE &#8211; Competenze base 2<\/strong><\/p>\n<p><strong>Si rende noto che il modulo PON FSE <em><u>Un orto in citt\u00e0 <\/u><\/em>non sar\u00e0 attivato per lo scarso numero di adesioni.<\/strong><\/p>\n<p>Qualora, nel mese di settembre, l&#8217;Autorit\u00e0 di gestione dovesse concedere una proroga alla relazzazione dei restanti moduli PON FSE Competenze base 2 \u00a0Avviso 4396 del 09\/03\/2018\u00a0 sar\u00e0 data\u00a0 comunicazione per raccogliere nuove adesioni.<\/p>\n<p>IL DIRIGENTE SCOLASTICO<\/p>\n<p>[\/et_pb_text][\/et_pb_column][et_pb_column type=&#8221;1_5&#8243; _builder_version=&#8221;4.6.1&#8243; _module_preset=&#8221;default&#8221;][\/et_pb_column][\/et_pb_row][\/et_pb_section]<\/p>\n","protected":false},"excerpt":{"rendered":"<p>PON FSE &#8211; Competenze base 2 Si rende noto che il modulo PON FSE Un orto in citt\u00e0 non sar\u00e0 attivato per lo scarso numero di adesioni. Qualora, nel mese di settembre, l&#8217;Autorit\u00e0 di gestione dovesse concedere una proroga alla relazzazione dei restanti moduli PON FSE Competenze base 2 \u00a0Avviso 4396 del 09\/03\/2018\u00a0 sar\u00e0 data\u00a0 [&hellip;]<\/p>\n","protected":false},"author":10,"featured_media":0,"comment_status":"open","ping_status":"closed","sticky":false,"template":"page-template-blank.php","format":"standard","meta":{"_et_pb_use_builder":"on","_et_pb_old_content":"","_et_gb_content_width":""},"categories":[24,25],"tags":[],"_links":{"self":[{"href":"https:\/\/www.gobettidefilippo.it\/wp-json\/wp\/v2\/posts\/9500"}],"collection":[{"href":"https:\/\/www.gobettidefilippo.it\/wp-json\/wp\/v2\/posts"}],"about":[{"href":"https:\/\/www.gobettidefilippo.it\/wp-json\/wp\/v2\/types\/post"}],"author":[{"embeddable":true,"href":"https:\/\/www.gobettidefilippo.it\/wp-json\/wp\/v2\/users\/10"}],"replies":[{"embeddable":true,"href":"https:\/\/www.gobettidefilippo.it\/wp-json\/wp\/v2\/comments?post=9500"}],"version-history":[{"count":0,"href":"https:\/\/www.gobettidefilippo.it\/wp-json\/wp\/v2\/posts\/9500\/revisions"}],"wp:attachment":[{"href":"https:\/\/www.gobettidefilippo.it\/wp-json\/wp\/v2\/media?parent=9500"}],"wp:term":[{"taxonomy":"category","embeddable":true,"href":"https:\/\/www.gobettidefilippo.it\/wp-json\/wp\/v2\/categories?post=9500"},{"taxonomy":"post_tag","embeddable":true,"href":"https:\/\/www.gobettidefilippo.it\/wp-json\/wp\/v2\/tags?post=9500"}],"curies":[{"name":"wp","href":"https:\/\/api.w.org\/{rel}","templated":true}]}}