
{"id":15213,"date":"2022-09-09T10:24:06","date_gmt":"2022-09-09T08:24:06","guid":{"rendered":"https:\/\/www.gobettidefilippo.it\/?p=15213"},"modified":"2022-09-22T09:52:27","modified_gmt":"2022-09-22T07:52:27","slug":"9-settembre-chiusura-uffici-al-pubblico-dalle-ore-8-alle-ore-9","status":"publish","type":"post","link":"https:\/\/www.gobettidefilippo.it\/9-settembre-chiusura-uffici-al-pubblico-dalle-ore-8-alle-ore-9\/","title":{"rendered":"12 settembre &#8211; Chiusura scuola per festivit\u00e0 santo patrono"},"content":{"rendered":"<p>[et_pb_section fb_built=&#8221;1&#8243; _builder_version=&#8221;4.6.1&#8243; _module_preset=&#8221;default&#8221;][et_pb_row column_structure=&#8221;1_4,3_4&#8243; _builder_version=&#8221;4.6.1&#8243; _module_preset=&#8221;default&#8221;][et_pb_column type=&#8221;1_4&#8243; _builder_version=&#8221;4.6.1&#8243; _module_preset=&#8221;default&#8221;][et_pb_image src=&#8221;https:\/\/www.gobettidefilippo.it\/wp-content\/uploads\/avviso-imp-1.jpg&#8221; title_text=&#8221;avviso imp&#8221; _builder_version=&#8221;4.6.1&#8243; _module_preset=&#8221;default&#8221;][\/et_pb_image][\/et_pb_column][et_pb_column type=&#8221;3_4&#8243; _builder_version=&#8221;4.6.1&#8243; _module_preset=&#8221;default&#8221;][et_pb_text _builder_version=&#8221;4.6.1&#8243; _module_preset=&#8221;default&#8221; hover_enabled=&#8221;0&#8243; sticky_enabled=&#8221;0&#8243;]<\/p>\n<p style=\"text-align: center;\"><strong>\u00a0\u00a0\u00a0 AVVISO ALL&#8217;UTENZA<\/strong><\/p>\n<p style=\"text-align: center;\">\u00a0\u00a0\u00a0\u00a0\u00a0\u00a0\u00a0\u00a0\u00a0\u00a0\u00a0\u00a0\u00a0\u00a0\u00a0\u00a0\u00a0\u00a0\u00a0\u00a0 Si comunica che il giorno 12 settembre, l&#8217;istituto sar\u00e0 chiuso per festivit\u00e0 santo patrono.<\/p>\n<p>La presa di servizio dei docenti con nomina annuale da GPS (nota UAT NA prot. 15752 del 10.09.2022) sar\u00e0 effettuata il giorno 13 settembre h.8,00 c\/o plesso Gobetti &#8211; Corso Italia 166<\/p>\n<p style=\"text-align: center;\">\u00a0\u00a0<strong> LA DIRIGENTE SCOLASTICA<\/strong><\/p>\n<p>[\/et_pb_text][\/et_pb_column][\/et_pb_row][\/et_pb_section]<\/p>\n","protected":false},"excerpt":{"rendered":"<p>\u00a0\u00a0\u00a0 AVVISO ALL&#8217;UTENZA \u00a0\u00a0\u00a0\u00a0\u00a0\u00a0\u00a0\u00a0\u00a0\u00a0\u00a0\u00a0\u00a0\u00a0\u00a0\u00a0\u00a0\u00a0\u00a0\u00a0 Si comunica che il giorno 12 settembre, l&#8217;istituto sar\u00e0 chiuso per festivit\u00e0 santo patrono. La presa di servizio dei docenti con nomina annuale da GPS (nota UAT NA prot. 15752 del 10.09.2022) sar\u00e0 effettuata il giorno 13 settembre h.8,00 c\/o plesso Gobetti &#8211; Corso Italia 166 \u00a0\u00a0 LA DIRIGENTE SCOLASTICA<\/p>\n","protected":false},"author":10,"featured_media":0,"comment_status":"open","ping_status":"closed","sticky":false,"template":"page-template-blank.php","format":"standard","meta":{"_et_pb_use_builder":"on","_et_pb_old_content":"","_et_gb_content_width":""},"categories":[25],"tags":[],"_links":{"self":[{"href":"https:\/\/www.gobettidefilippo.it\/wp-json\/wp\/v2\/posts\/15213"}],"collection":[{"href":"https:\/\/www.gobettidefilippo.it\/wp-json\/wp\/v2\/posts"}],"about":[{"href":"https:\/\/www.gobettidefilippo.it\/wp-json\/wp\/v2\/types\/post"}],"author":[{"embeddable":true,"href":"https:\/\/www.gobettidefilippo.it\/wp-json\/wp\/v2\/users\/10"}],"replies":[{"embeddable":true,"href":"https:\/\/www.gobettidefilippo.it\/wp-json\/wp\/v2\/comments?post=15213"}],"version-history":[{"count":0,"href":"https:\/\/www.gobettidefilippo.it\/wp-json\/wp\/v2\/posts\/15213\/revisions"}],"wp:attachment":[{"href":"https:\/\/www.gobettidefilippo.it\/wp-json\/wp\/v2\/media?parent=15213"}],"wp:term":[{"taxonomy":"category","embeddable":true,"href":"https:\/\/www.gobettidefilippo.it\/wp-json\/wp\/v2\/categories?post=15213"},{"taxonomy":"post_tag","embeddable":true,"href":"https:\/\/www.gobettidefilippo.it\/wp-json\/wp\/v2\/tags?post=15213"}],"curies":[{"name":"wp","href":"https:\/\/api.w.org\/{rel}","templated":true}]}}