
{"id":15036,"date":"2022-07-01T16:48:29","date_gmt":"2022-07-01T14:48:29","guid":{"rendered":"https:\/\/www.gobettidefilippo.it\/?p=15036"},"modified":"2023-06-19T22:38:34","modified_gmt":"2023-06-19T20:38:34","slug":"orario-apertura-uffici-amministrativi-periodo-luglio-agosto","status":"publish","type":"post","link":"https:\/\/www.gobettidefilippo.it\/orario-apertura-uffici-amministrativi-periodo-luglio-agosto\/","title":{"rendered":"Orario apertura uffici amministrativi &#8211; periodo luglio-agosto"},"content":{"rendered":"<p>[et_pb_section fb_built=&#8221;1&#8243; _builder_version=&#8221;4.6.1&#8243; _module_preset=&#8221;default&#8221;][et_pb_row column_structure=&#8221;1_4,3_4&#8243; _builder_version=&#8221;4.6.1&#8243; _module_preset=&#8221;default&#8221;][et_pb_column type=&#8221;1_4&#8243; _builder_version=&#8221;4.6.1&#8243; _module_preset=&#8221;default&#8221;][et_pb_image src=&#8221;https:\/\/www.gobettidefilippo.it\/wp-content\/uploads\/ORARIO.png&#8221; title_text=&#8221;ORARIO&#8221; _builder_version=&#8221;4.6.1&#8243; _module_preset=&#8221;default&#8221;][\/et_pb_image][\/et_pb_column][et_pb_column type=&#8221;3_4&#8243; _builder_version=&#8221;4.6.1&#8243; _module_preset=&#8221;default&#8221;][et_pb_text _builder_version=&#8221;4.6.1&#8243; _module_preset=&#8221;default&#8221;]<\/p>\n<h3 style=\"text-align: center;\"><strong>NUOVO ORARIO DI APERTURA UFFICI AMMINISTRATIVI<\/strong><\/h3>\n<p>Si comunica che, in applicazione della Delibera del Consiglio D\u2019Istituto N. 119\/2021 del 15\/12\/2021, nei mesi di luglio e agosto, questa scuola osserver\u00e0 il seguente orario:<\/p>\n<p style=\"text-align: center;\">tutti i giorni, dal luned\u00ec al venerd\u00ec, dalle ore 8:00 alle ore 13:30<\/p>\n<p>Si ricorda che \u00e8 tutt&#8217;ora in corso il ricevimento per il completamento delle iscrizioni alla classe I a.s 22-23 (tutti i giorni dalle 8,30 alle 11,30)<\/p>\n<p>\u00a0\u00a0\u00a0\u00a0\u00a0\u00a0\u00a0\u00a0\u00a0\u00a0\u00a0\u00a0\u00a0\u00a0\u00a0\u00a0\u00a0\u00a0\u00a0\u00a0\u00a0\u00a0\u00a0\u00a0\u00a0\u00a0\u00a0\u00a0\u00a0\u00a0\u00a0\u00a0\u00a0\u00a0\u00a0\u00a0\u00a0\u00a0\u00a0\u00a0\u00a0\u00a0\u00a0\u00a0\u00a0\u00a0\u00a0\u00a0\u00a0\u00a0\u00a0\u00a0\u00a0\u00a0\u00a0\u00a0\u00a0\u00a0\u00a0\u00a0\u00a0\u00a0\u00a0\u00a0\u00a0\u00a0\u00a0\u00a0\u00a0\u00a0 LA DIRIGENTE SCOLASTICA<\/p>\n<p>\u00a0\u00a0\u00a0\u00a0\u00a0\u00a0\u00a0\u00a0\u00a0\u00a0\u00a0\u00a0\u00a0\u00a0\u00a0\u00a0\u00a0\u00a0\u00a0\u00a0\u00a0\u00a0\u00a0\u00a0\u00a0\u00a0\u00a0\u00a0\u00a0\u00a0\u00a0\u00a0\u00a0\u00a0\u00a0\u00a0\u00a0\u00a0\u00a0\u00a0\u00a0\u00a0\u00a0\u00a0\u00a0\u00a0\u00a0\u00a0\u00a0\u00a0\u00a0\u00a0\u00a0\u00a0\u00a0\u00a0\u00a0\u00a0\u00a0\u00a0\u00a0\u00a0\u00a0\u00a0\u00a0\u00a0\u00a0\u00a0\u00a0\u00a0\u00a0\u00a0\u00a0 Prof.ssa Giuliana Autieri<\/p>\n<p>[\/et_pb_text][\/et_pb_column][\/et_pb_row][\/et_pb_section]<\/p>\n","protected":false},"excerpt":{"rendered":"<p>NUOVO ORARIO DI APERTURA UFFICI AMMINISTRATIVI Si comunica che, in applicazione della Delibera del Consiglio D\u2019Istituto N. 119\/2021 del 15\/12\/2021, nei mesi di luglio e agosto, questa scuola osserver\u00e0 il seguente orario: tutti i giorni, dal luned\u00ec al venerd\u00ec, dalle ore 8:00 alle ore 13:30 Si ricorda che \u00e8 tutt&#8217;ora in corso il ricevimento per [&hellip;]<\/p>\n","protected":false},"author":10,"featured_media":0,"comment_status":"open","ping_status":"closed","sticky":false,"template":"page-template-blank.php","format":"standard","meta":{"_et_pb_use_builder":"on","_et_pb_old_content":"","_et_gb_content_width":""},"categories":[26,24,25],"tags":[],"_links":{"self":[{"href":"https:\/\/www.gobettidefilippo.it\/wp-json\/wp\/v2\/posts\/15036"}],"collection":[{"href":"https:\/\/www.gobettidefilippo.it\/wp-json\/wp\/v2\/posts"}],"about":[{"href":"https:\/\/www.gobettidefilippo.it\/wp-json\/wp\/v2\/types\/post"}],"author":[{"embeddable":true,"href":"https:\/\/www.gobettidefilippo.it\/wp-json\/wp\/v2\/users\/10"}],"replies":[{"embeddable":true,"href":"https:\/\/www.gobettidefilippo.it\/wp-json\/wp\/v2\/comments?post=15036"}],"version-history":[{"count":1,"href":"https:\/\/www.gobettidefilippo.it\/wp-json\/wp\/v2\/posts\/15036\/revisions"}],"predecessor-version":[{"id":16026,"href":"https:\/\/www.gobettidefilippo.it\/wp-json\/wp\/v2\/posts\/15036\/revisions\/16026"}],"wp:attachment":[{"href":"https:\/\/www.gobettidefilippo.it\/wp-json\/wp\/v2\/media?parent=15036"}],"wp:term":[{"taxonomy":"category","embeddable":true,"href":"https:\/\/www.gobettidefilippo.it\/wp-json\/wp\/v2\/categories?post=15036"},{"taxonomy":"post_tag","embeddable":true,"href":"https:\/\/www.gobettidefilippo.it\/wp-json\/wp\/v2\/tags?post=15036"}],"curies":[{"name":"wp","href":"https:\/\/api.w.org\/{rel}","templated":true}]}}