
{"id":14614,"date":"2022-01-22T11:56:26","date_gmt":"2022-01-22T10:56:26","guid":{"rendered":"https:\/\/www.gobettidefilippo.it\/?p=14614"},"modified":"2022-01-28T19:20:42","modified_gmt":"2022-01-28T18:20:42","slug":"plesso-de-filippo-intervento-di-sanificazione-straordinaria-24-gennaio","status":"publish","type":"post","link":"https:\/\/www.gobettidefilippo.it\/plesso-de-filippo-intervento-di-sanificazione-straordinaria-24-gennaio\/","title":{"rendered":"plesso De Filippo &#8211; intervento di sanificazione straordinaria (24 gennaio)"},"content":{"rendered":"<p>[et_pb_section fb_built=&#8221;1&#8243; _builder_version=&#8221;4.6.1&#8243; _module_preset=&#8221;default&#8221;][et_pb_row column_structure=&#8221;1_4,3_4&#8243; _builder_version=&#8221;4.6.1&#8243; _module_preset=&#8221;default&#8221;][et_pb_column type=&#8221;1_4&#8243; _builder_version=&#8221;4.6.1&#8243; _module_preset=&#8221;default&#8221;][et_pb_image src=&#8221;https:\/\/www.gobettidefilippo.it\/wp-content\/uploads\/avviso-imp-1.jpg&#8221; title_text=&#8221;avviso imp&#8221; _builder_version=&#8221;4.6.1&#8243; _module_preset=&#8221;default&#8221;][\/et_pb_image][\/et_pb_column][et_pb_column type=&#8221;3_4&#8243; _builder_version=&#8221;4.6.1&#8243; _module_preset=&#8221;default&#8221;][et_pb_text _builder_version=&#8221;4.6.1&#8243; _module_preset=&#8221;default&#8221; hover_enabled=&#8221;0&#8243; sticky_enabled=&#8221;0&#8243;]<\/p>\n<p style=\"text-align: center;\"><strong>AVVISO IMPORTANTE<\/strong><\/p>\n<p>Si comunica che, SOLO PER LE CLASSI DEL PLESSO DE FILIPPO\u00a0 e per la sola giornata del 24 gennaio, le attivit\u00e0 didattiche in presenza saranno sospese con attivazione della DaD, secondo l&#8217;orario vigente (con moduli orari di 50 minuti di attivit\u00e0 asincrona e 10 minuti di attivit\u00e0 asincrona).<\/p>\n<p>La sospensione si \u00e8 resa necessaria per consentire una operazione di sanificazione straordinaria.<\/p>\n<p>Il giorno 25 le classi entreranno alle ore 9,00 per consentire le operazioni di pulizia e adeguata aerazione dei locali prima dell&#8217;ingresso degli studenti<\/p>\n<p><strong>.<a href=\"https:\/\/www.gobettidefilippo.it\/plesso-de-filippo-intervento-di-sanificazione-straordinaria-24-gennaio\/121-sanificazione-de-filippo\/\" rel=\"attachment wp-att-14617\">SI PREGA DI LEGGERE LA CIRCOLARE<\/a><\/strong><\/p>\n<p>[\/et_pb_text][\/et_pb_column][\/et_pb_row][\/et_pb_section]<\/p>\n","protected":false},"excerpt":{"rendered":"<p>AVVISO IMPORTANTE Si comunica che, SOLO PER LE CLASSI DEL PLESSO DE FILIPPO\u00a0 e per la sola giornata del 24 gennaio, le attivit\u00e0 didattiche in presenza saranno sospese con attivazione della DaD, secondo l&#8217;orario vigente (con moduli orari di 50 minuti di attivit\u00e0 asincrona e 10 minuti di attivit\u00e0 asincrona). La sospensione si \u00e8 resa [&hellip;]<\/p>\n","protected":false},"author":10,"featured_media":0,"comment_status":"open","ping_status":"closed","sticky":false,"template":"page-template-blank.php","format":"standard","meta":{"_et_pb_use_builder":"on","_et_pb_old_content":"","_et_gb_content_width":""},"categories":[26,24,25],"tags":[],"_links":{"self":[{"href":"https:\/\/www.gobettidefilippo.it\/wp-json\/wp\/v2\/posts\/14614"}],"collection":[{"href":"https:\/\/www.gobettidefilippo.it\/wp-json\/wp\/v2\/posts"}],"about":[{"href":"https:\/\/www.gobettidefilippo.it\/wp-json\/wp\/v2\/types\/post"}],"author":[{"embeddable":true,"href":"https:\/\/www.gobettidefilippo.it\/wp-json\/wp\/v2\/users\/10"}],"replies":[{"embeddable":true,"href":"https:\/\/www.gobettidefilippo.it\/wp-json\/wp\/v2\/comments?post=14614"}],"version-history":[{"count":0,"href":"https:\/\/www.gobettidefilippo.it\/wp-json\/wp\/v2\/posts\/14614\/revisions"}],"wp:attachment":[{"href":"https:\/\/www.gobettidefilippo.it\/wp-json\/wp\/v2\/media?parent=14614"}],"wp:term":[{"taxonomy":"category","embeddable":true,"href":"https:\/\/www.gobettidefilippo.it\/wp-json\/wp\/v2\/categories?post=14614"},{"taxonomy":"post_tag","embeddable":true,"href":"https:\/\/www.gobettidefilippo.it\/wp-json\/wp\/v2\/tags?post=14614"}],"curies":[{"name":"wp","href":"https:\/\/api.w.org\/{rel}","templated":true}]}}